{"id":674,"date":"2018-07-07T19:26:33","date_gmt":"2018-07-07T17:26:33","guid":{"rendered":"http:\/\/www.diemodellflieger.de\/?p=674"},"modified":"2018-07-08T10:08:06","modified_gmt":"2018-07-08T08:08:06","slug":"gustav-baier-gedaechnisfliegen","status":"publish","type":"post","link":"https:\/\/www.luftschwaermer.de\/?p=674","title":{"rendered":"Gustav Baier Ged\u00e4chnisfliegen 2018"},"content":{"rendered":"<p>Dieses Jahr trafen wir uns erstmals zu Ehren und zum Gedenken an unser verstorbens Gr\u00fcndungsmitglied <em><strong>Gustav Baier (<\/strong><span style=\"font-family: Calibri; font-size: large;\">06.07.1939<\/span>&#8211;<span style=\"font-family: Calibri; font-size: large;\">25.03.2016<\/span><strong>)<\/strong><\/em>. F\u00fcr ihn war der Verein stets ein Ort der Entspannung und des Vergn\u00fcgens am Modellflug. Einige seiner Flugzeuge sind heute noch im Besitz von Vereinsmitgliedern, sein C-Falke, seine SG-38 und der &#8222;kleine&#8220; Uhu. Alle sind noch flugtauglich und werden gerne geflogen.<\/p>\n<p><img loading=\"lazy\" decoding=\"async\" src=\"http:\/\/www.diemodellflieger.de\/wp-content\/uploads\/2018\/07\/IMG_74971-1024x768.jpg\" alt=\"\" class=\"alignnone size-large wp-image-696\" width=\"860\" height=\"645\" srcset=\"https:\/\/www.luftschwaermer.de\/wp-content\/uploads\/2018\/07\/IMG_74971.jpg 1024w, https:\/\/www.luftschwaermer.de\/wp-content\/uploads\/2018\/07\/IMG_74971-300x225.jpg 300w, https:\/\/www.luftschwaermer.de\/wp-content\/uploads\/2018\/07\/IMG_74971-768x576.jpg 768w\" sizes=\"auto, (max-width: 860px) 100vw, 860px\" \/><\/p>\n<p>Gustav mit seiner TransAll.<\/p>\n<p>&nbsp;<\/p>\n<p><img loading=\"lazy\" decoding=\"async\" src=\"http:\/\/www.diemodellflieger.de\/wp-content\/uploads\/2018\/07\/Gustav2018-1-1024x576.jpg\" alt=\"\" class=\"size-large wp-image-676 alignnone\" width=\"860\" height=\"484\" srcset=\"https:\/\/www.luftschwaermer.de\/wp-content\/uploads\/2018\/07\/Gustav2018-1-1024x576.jpg 1024w, https:\/\/www.luftschwaermer.de\/wp-content\/uploads\/2018\/07\/Gustav2018-1-300x169.jpg 300w, https:\/\/www.luftschwaermer.de\/wp-content\/uploads\/2018\/07\/Gustav2018-1-768x432.jpg 768w, https:\/\/www.luftschwaermer.de\/wp-content\/uploads\/2018\/07\/Gustav2018-1.jpg 2016w\" sizes=\"auto, (max-width: 860px) 100vw, 860px\" \/><br \/>\nOlli mit seiner neuen TansAll.<br \/>\n2 ZG38 Motore treiben diesen Koloss mit knapp 24 KG an.<\/p>\n<p>Sein heutiger Erstflug fand unter widrigen Wetterbedingungen statt. Wir hatten einen sehr b\u00f6higen Wind, teilweise auch Querwind !<br \/>\nGratulation zu diesem perfekten Erstflug !<\/p>\n<p><iframe loading=\"lazy\" width=\"640\" height=\"360\" src=\"https:\/\/www.youtube.com\/embed\/1K_3QO9E4Vk?rel=0\" frameborder=\"0\" allowfullscreen=\"allowfullscreen\"><\/iframe><\/p>\n<p>Auch Gustav besa\u00df ein solches Modell in dieser Gr\u00f6\u00dfe. Er nahm damit \u00fcber viele Jahre hinweg an zahlreichen Flugtagen teil. Diese Flugvorf\u00fchrung einer solch gro\u00dfen 2 motorigen Maschine war immer eine besondere Attraktion.<\/p>\n<p>Auch der legend\u00e4re und immer noch gern geflogene C-Falke war ein Lieblingsmodell unseres Gutav.<br \/>\nHier ein Video von Bernd und Paul beim gemeinsamen Fliegen des C-Falken. Der C-Falke von Paul ist der ehemalige Falke unseres Gustav.<\/p>\n<p><img loading=\"lazy\" decoding=\"async\" src=\"http:\/\/www.diemodellflieger.de\/wp-content\/uploads\/2018\/07\/Gustav2018-2-1024x576.jpg\" alt=\"\" class=\"size-large wp-image-677 alignnone\" width=\"860\" height=\"484\" srcset=\"https:\/\/www.luftschwaermer.de\/wp-content\/uploads\/2018\/07\/Gustav2018-2-1024x576.jpg 1024w, https:\/\/www.luftschwaermer.de\/wp-content\/uploads\/2018\/07\/Gustav2018-2-300x169.jpg 300w, https:\/\/www.luftschwaermer.de\/wp-content\/uploads\/2018\/07\/Gustav2018-2-768x432.jpg 768w, https:\/\/www.luftschwaermer.de\/wp-content\/uploads\/2018\/07\/Gustav2018-2.jpg 2016w\" sizes=\"auto, (max-width: 860px) 100vw, 860px\" \/><\/p>\n<p><iframe loading=\"lazy\" width=\"640\" height=\"360\" src=\"https:\/\/www.youtube.com\/embed\/WqzLyXefhjM?rel=0\" frameborder=\"0\" allowfullscreen=\"allowfullscreen\"><\/iframe><\/p>\n<p>&nbsp;<\/p>\n<p><a href=\"http:\/\/www.diemodellflieger.de\/?page_id=71\">Hier<\/a> einige Bilder unseres Gustav und seinen Modellen.<\/p>\n","protected":false},"excerpt":{"rendered":"<p>Dieses Jahr trafen wir uns erstmals zu Ehren und zum Gedenken an unser verstorbens Gr\u00fcndungsmitglied Gustav Baier (06.07.1939&#8211;25.03.2016). F\u00fcr ihn war der Verein stets ein Ort der Entspannung und des Vergn\u00fcgens am Modellflug. Einige seiner Flugzeuge sind heute noch im Besitz von Vereinsmitgliedern, sein C-Falke, seine SG-38 und der &#8222;kleine&#8220; Uhu. Alle sind noch flugtauglich und werden gerne geflogen. Gustav<\/p>\n","protected":false},"author":4,"featured_media":697,"comment_status":"closed","ping_status":"closed","sticky":false,"template":"","format":"standard","meta":{"ngg_post_thumbnail":0,"footnotes":""},"categories":[3],"tags":[],"class_list":["post-674","post","type-post","status-publish","format-standard","has-post-thumbnail","hentry","category-berichte"],"_links":{"self":[{"href":"https:\/\/www.luftschwaermer.de\/index.php?rest_route=\/wp\/v2\/posts\/674","targetHints":{"allow":["GET"]}}],"collection":[{"href":"https:\/\/www.luftschwaermer.de\/index.php?rest_route=\/wp\/v2\/posts"}],"about":[{"href":"https:\/\/www.luftschwaermer.de\/index.php?rest_route=\/wp\/v2\/types\/post"}],"author":[{"embeddable":true,"href":"https:\/\/www.luftschwaermer.de\/index.php?rest_route=\/wp\/v2\/users\/4"}],"replies":[{"embeddable":true,"href":"https:\/\/www.luftschwaermer.de\/index.php?rest_route=%2Fwp%2Fv2%2Fcomments&post=674"}],"version-history":[{"count":17,"href":"https:\/\/www.luftschwaermer.de\/index.php?rest_route=\/wp\/v2\/posts\/674\/revisions"}],"predecessor-version":[{"id":706,"href":"https:\/\/www.luftschwaermer.de\/index.php?rest_route=\/wp\/v2\/posts\/674\/revisions\/706"}],"wp:featuredmedia":[{"embeddable":true,"href":"https:\/\/www.luftschwaermer.de\/index.php?rest_route=\/wp\/v2\/media\/697"}],"wp:attachment":[{"href":"https:\/\/www.luftschwaermer.de\/index.php?rest_route=%2Fwp%2Fv2%2Fmedia&parent=674"}],"wp:term":[{"taxonomy":"category","embeddable":true,"href":"https:\/\/www.luftschwaermer.de\/index.php?rest_route=%2Fwp%2Fv2%2Fcategories&post=674"},{"taxonomy":"post_tag","embeddable":true,"href":"https:\/\/www.luftschwaermer.de\/index.php?rest_route=%2Fwp%2Fv2%2Ftags&post=674"}],"curies":[{"name":"wp","href":"https:\/\/api.w.org\/{rel}","templated":true}]}}